{"id":1402,"date":"2024-04-21T12:14:21","date_gmt":"2024-04-21T16:14:21","guid":{"rendered":"https:\/\/students.bowdoin.edu\/bowdoin-science-journal\/?p=1402"},"modified":"2024-04-21T13:16:08","modified_gmt":"2024-04-21T17:16:08","slug":"your-dna-remembers-correlating-epigenetics-and-early-childhood-trauma-through-dna-methylation","status":"publish","type":"post","link":"https:\/\/students.bowdoin.edu\/bowdoin-science-journal\/biology\/your-dna-remembers-correlating-epigenetics-and-early-childhood-trauma-through-dna-methylation\/","title":{"rendered":"Your DNA Remembers: Correlating Epigenetics and Early Childhood Trauma through DNA Methylation"},"content":{"rendered":"<p><span style=\"font-weight: 400\">What\u2019s your earliest memory? Can you remember everything that happened between the ages of three to five? No? Me neither. Despite the gaps in your memory, your body\u2014specifically your DNA\u2014knows what happened to you. It shouldn\u2019t be surprising that DNA has such a good memory. After all, it stores genetic information tracing back thousands of years. This of course prompts several questions, namely the following; how does DNA store my memories and how does that affect me?<\/span><\/p>\n<p><span style=\"font-weight: 400\">Let\u2019s start from the beginning. Epigenetics encompasses all heritable changes in gene activity that do not stem from a change in DNA sequences (Moore <\/span><i><span style=\"font-weight: 400\">et al<\/span><\/i><span style=\"font-weight: 400\">, 2013). DNA methylation introduces a particularly salient new epigenetic mechanism for gene regulation and cell differentiation. The key to DNA methylation lies within the special enzymes that modify the cytosine DNA base by adding a methyl group (Moore <\/span><i><span style=\"font-weight: 400\">et al<\/span><\/i><span style=\"font-weight: 400\">, 2013; Suelves, 2016). Interestingly, cell differentiation is partly driven by differing levels of DNA methylation. An overall increase in DNA methylation occurs during the differentiation process, while a decrease in it at cell-specific loci helps define cellular identity (Suelves <\/span><i><span style=\"font-weight: 400\">et al<\/span><\/i><span style=\"font-weight: 400\">, 2016). Additionally, the progressive decrease in overall DNA methylation can contribute to physiological aging and the development of cancer (Suelves <\/span><i><span style=\"font-weight: 400\">et al<\/span><\/i><span style=\"font-weight: 400\">, 2016). Overall, these altered cytosines play key roles in human development and health issues (Moore <\/span><i><span style=\"font-weight: 400\">et al<\/span><\/i><span style=\"font-weight: 400\">, 2013).\u00a0\u00a0<\/span><\/p>\n<p><span style=\"font-weight: 400\">This brings us to the second question: how does my DNA\u2019s photographic memory affect me? Well, it turns out that choices such as diet, drinking, exercise, illness, and environmental conditions can all have an impact on genomic stability and gene-specific DNA methylation (Lim <\/span><i><span style=\"font-weight: 400\">et al<\/span><\/i><span style=\"font-weight: 400\">, 2012). So while you might not remember what happened as a kid, your DNA may already be internalizing those experiences. The Avon Longitudinal Study of Parents and Children patiently waited for years so they could specifically study how childhood experiences affect epigenetic markers in adolescence. A cohort of 13,988 children with due dates between April 1991 and 1992 were monitored for exposure to childhood adversity from birth to the age of eleven. Using changes in DNA methylation at the age of fifteen, researchers investigated whether the timing of adversity has epigenetic consequences across childhood and adolescence (Lussier <\/span><i><span style=\"font-weight: 400\">et al<\/span><\/i><span style=\"font-weight: 400\">, 2023).\u00a0<\/span><\/p>\n<p><span style=\"font-weight: 400\">Each mother reported whether their child faced any of the following seven types of childhood adversity; caregiver physical or emotional abuse, sexual or physical abuse, maternal psychopathology, one-adult households, family instability, and neighborhood disadvantage as well as the timing that the adversity was present. Out of the 13,988 children, 609-665 showed signs of both adversity and a decrease in DNA methylation at 15 years old (Lussier <\/span><i><span style=\"font-weight: 400\">et al<\/span><\/i><span style=\"font-weight: 400\">, 2023).\u00a0<\/span><\/p>\n<p><span style=\"font-weight: 400\">Within this sample from the original cohort, further DNA analysis identified twenty-two loci that showed significant associations between exposure to adversity and altered DNA methylation at the age of 15 (Lussier <\/span><i><span style=\"font-weight: 400\">et al<\/span><\/i><span style=\"font-weight: 400\">, 2023). Of the loci identified to be associated with decreased DNA methylation, the highest percent of loci were correlated with growing up in one-adult households (Lussier <\/span><i><span style=\"font-weight: 400\">et al<\/span><\/i><span style=\"font-weight: 400\">, 2023). None of the identified loci indicated that adversity may alter DNA methylation at birth or the age of seven, but instead only emerged in adolescence (Lussier <\/span><i><span style=\"font-weight: 400\">et al<\/span><\/i><span style=\"font-weight: 400\">, 2023).\u00a0\u00a0<\/span><\/p>\n<p><span style=\"font-weight: 400\">Researchers concluded that the ages between three and five years old are when children are vulnerable to adversity and the consequences of this adversity may biologically embed itself and later manifest itself in adolescence (Lussier <\/span><i><span style=\"font-weight: 400\">et al<\/span><\/i><span style=\"font-weight: 400\">, 2023). Additionally, the adversity-associated decrease in DNA methylation is correlated to have effects on the central nervous system (Lussier <\/span><i><span style=\"font-weight: 400\">et al<\/span><\/i><span style=\"font-weight: 400\">, 2023). Of course, it\u2019s great timing that the altered DNA methylation becomes an issue during puberty. Especially since it&#8217;s associated with poor self-esteem and increased depressive symptoms.\u00a0<\/span><\/p>\n<p><span style=\"font-weight: 400\">What\u2019s the upside? There has to be a silver lining or else this article is just a doomsday proclamation. The ability to finally trace health complications back to epigenetic mechanisms due to latent childhood trauma provides an important piece of the puzzle of understanding complex diseases. However, the puzzle is far from solved. The cohort in this study was predominantly of European descent and further research into how the complexities of race factor into DNA methylation and childhood adversity is the next step in this journey.<\/span><\/p>\n<p style=\"text-align: center\"><span style=\"font-weight: 400\">Literature Cited:<\/span><\/p>\n<p><span style=\"font-weight: 400\">Lim , U., &amp; Song, M. (2012). Dietary and Lifestyle Factors of DNA Methylation. In <\/span><i><span style=\"font-weight: 400\">Cancer Epigenetics<\/span><\/i><span style=\"font-weight: 400\"> (Vol. 863, pp. 359\u2013376). Humana Press.<\/span><\/p>\n<p><span style=\"font-weight: 400\">\u00a0Lussier, A. A., Zhu, Y., Smith B. J., Cerutti J., Fisher J., Melton P. E., Wood N. M., Cohen-Woods S., Huang R., Mitchell C., <\/span><i><span style=\"font-weight: 400\">et al<\/span><\/i><span style=\"font-weight: 400\">. (2023). Association between the timing of childhood adversity and epigenetic patterns across childhood and adolescence: findings from the Avon Longitudinal Study of Parents and Children (ALSPAC) prospective cohort. <\/span><i><span style=\"font-weight: 400\">Lancet Child Adolesc Health<\/span><\/i><span style=\"font-weight: 400\">. 7(8), 532-43. https:\/\/doi.org\/10.1016\/S2352-4642(23)00127-X<\/span><\/p>\n<p><span style=\"font-weight: 400\">Moore, L. D., Le, T., &amp; Fan, G. (2013). DNA methylation and its basic function. <\/span><i><span style=\"font-weight: 400\">Neuropsychopharmacology<\/span><\/i><span style=\"font-weight: 400\">, <\/span><i><span style=\"font-weight: 400\">38<\/span><\/i><span style=\"font-weight: 400\">(1), 23\u201338. https:\/\/doi.org\/10.1038\/npp.2012.112<\/span><\/p>\n<p><span style=\"font-weight: 400\">Suelves, M., Carri\u00f3, E., N\u00fa\u00f1ez-\u00c1lvarez, Y., &amp; Peinado, M. A. (2016). DNA methylation dynamics in cellular commitment and differentiation. <\/span><i><span style=\"font-weight: 400\">Briefings in Functional Genomics<\/span><\/i><span style=\"font-weight: 400\">, elw017. https:\/\/doi.org\/10.1093\/bfgp\/elw017<\/span><\/p>\n","protected":false},"excerpt":{"rendered":"<p>What\u2019s your earliest memory? Can you remember everything that happened between the ages of three to five? No? Me neither. Despite the gaps in your memory, your body\u2014specifically your DNA\u2014knows what happened to you. It shouldn\u2019t be surprising that DNA has such a good memory. After all, it stores genetic information tracing back thousands of [&hellip;]<\/p>\n","protected":false},"author":714,"featured_media":1405,"comment_status":"closed","ping_status":"closed","sticky":false,"template":"","format":"standard","meta":{"_genesis_hide_title":false,"_genesis_hide_breadcrumbs":false,"_genesis_hide_singular_image":false,"_genesis_hide_footer_widgets":false,"_genesis_custom_body_class":"","_genesis_custom_post_class":"","_genesis_layout":"","footnotes":""},"categories":[63],"tags":[195,187,196],"class_list":{"0":"post-1402","1":"post","2":"type-post","3":"status-publish","4":"format-standard","5":"has-post-thumbnail","7":"category-biology","8":"tag-epigenetics","9":"tag-genes","10":"tag-trauma","11":"entry"},"featured_image_src":"https:\/\/students.bowdoin.edu\/bowdoin-science-journal\/wp-content\/uploads\/sites\/35\/2024\/04\/sangharsh-lohakare-8o_LkMpo8ug-unsplash-600x400.jpg","featured_image_src_square":"https:\/\/students.bowdoin.edu\/bowdoin-science-journal\/wp-content\/uploads\/sites\/35\/2024\/04\/sangharsh-lohakare-8o_LkMpo8ug-unsplash-600x600.jpg","author_info":{"display_name":"Lia Scharnau '26","author_link":"https:\/\/students.bowdoin.edu\/bowdoin-science-journal\/author\/lscharnau\/"},"_links":{"self":[{"href":"https:\/\/students.bowdoin.edu\/bowdoin-science-journal\/wp-json\/wp\/v2\/posts\/1402","targetHints":{"allow":["GET"]}}],"collection":[{"href":"https:\/\/students.bowdoin.edu\/bowdoin-science-journal\/wp-json\/wp\/v2\/posts"}],"about":[{"href":"https:\/\/students.bowdoin.edu\/bowdoin-science-journal\/wp-json\/wp\/v2\/types\/post"}],"author":[{"embeddable":true,"href":"https:\/\/students.bowdoin.edu\/bowdoin-science-journal\/wp-json\/wp\/v2\/users\/714"}],"replies":[{"embeddable":true,"href":"https:\/\/students.bowdoin.edu\/bowdoin-science-journal\/wp-json\/wp\/v2\/comments?post=1402"}],"version-history":[{"count":0,"href":"https:\/\/students.bowdoin.edu\/bowdoin-science-journal\/wp-json\/wp\/v2\/posts\/1402\/revisions"}],"wp:featuredmedia":[{"embeddable":true,"href":"https:\/\/students.bowdoin.edu\/bowdoin-science-journal\/wp-json\/wp\/v2\/media\/1405"}],"wp:attachment":[{"href":"https:\/\/students.bowdoin.edu\/bowdoin-science-journal\/wp-json\/wp\/v2\/media?parent=1402"}],"wp:term":[{"taxonomy":"category","embeddable":true,"href":"https:\/\/students.bowdoin.edu\/bowdoin-science-journal\/wp-json\/wp\/v2\/categories?post=1402"},{"taxonomy":"post_tag","embeddable":true,"href":"https:\/\/students.bowdoin.edu\/bowdoin-science-journal\/wp-json\/wp\/v2\/tags?post=1402"}],"curies":[{"name":"wp","href":"https:\/\/api.w.org\/{rel}","templated":true}]}}